{"id":2780,"date":"2026-02-20T06:11:30","date_gmt":"2026-02-20T06:11:30","guid":{"rendered":"https:\/\/sollera.org\/?p=2780"},"modified":"2026-02-20T06:11:51","modified_gmt":"2026-02-20T06:11:51","slug":"fabulous-fashion-friends-honoring-meredith-haugen-through-style-service-and-community","status":"publish","type":"post","link":"https:\/\/sollera.org\/fr\/blog\/fabulous-fashion-friends-honoring-meredith-haugen-through-style-service-and-community\/","title":{"rendered":"Mode et Amis Fabuleux : Honorer Meredith Haugen par le Style, le Service et la Communaut\u00e9"},"content":{"rendered":"<p>Fabulous Fashion &amp; Friends is more than a fashion show\u2014it\u2019s a celebration of a legacy rooted in compassion, generosity, and care for children. This annual event is held in partnership with My Best Friend\u2019s Closet, a local clothing consignment store opened by Meredith Haugen and her mother, and reflects the values Meredith lived every day.<\/p>\n\n\n\n<p>Meredith was an avid volunteer and a passionate champion of children\u2019s services at Sollera. She believed deeply in protecting children, supporting victim-survivors, and showing up for her community in meaningful ways. Fabulous Fashion &amp; Friends was created to honor her life and the impact she made, ensuring her spirit of service continues to reach families who need support.<\/p>\n\n\n\n<p>The fashion show itself is thoughtfully curated and produced by My Best Friend\u2019s Closet, showcasing style with heart and intention. What makes the event especially powerful is that all proceeds directly benefit children\u2019s services at Sollera, helping provide advocacy, counseling, and support for young victim-survivors and their caregivers.<\/p>\n\n\n\n<p>Children who experience domestic or sexual violence often need specialized, trauma-informed care to help them feel safe and supported. Funds raised through Fabulous Fashion &amp; Friends ensure these services remain free, confidential, and accessible\u2014removing barriers for families during incredibly vulnerable moments.<\/p>\n\n\n\n<p>Each year, Fabulous Fashion &amp; Friends brings together community members who believe, like Meredith did, that caring for children is a collective responsibility. It\u2019s a night of connection, remembrance, and generosity\u2014and a reminder that when community and compassion come together, lasting impact follows.<\/p>\n\n\n\n<p>Stay tuned for information on Fabulous Fashion &amp; Friends 2027! If you are interested in sponsoring the event or donating for the silent auction, please contact Jody at 701-293-7273.<\/p>","protected":false},"excerpt":{"rendered":"<p>Fabulous Fashion &amp; Friends est plus qu'un d\u00e9fil\u00e9 de mode \u2013 c'est une c\u00e9l\u00e9bration d'un h\u00e9ritage ancr\u00e9 dans la compassion, la g\u00e9n\u00e9rosit\u00e9 et l'attention port\u00e9e aux enfants. Cet \u00e9v\u00e9nement annuel se d\u00e9roule en partenariat avec My Best Friend\u2019s Closet, une friperie locale ouverte par Meredith Haugen et sa m\u00e8re, et refl\u00e8te les valeurs que Meredith vivait chaque jour.<\/p>","protected":false},"author":1,"featured_media":0,"comment_status":"closed","ping_status":"closed","sticky":false,"template":"","format":"standard","meta":{"_acf_changed":false,"wds_primary_category":0,"footnotes":""},"categories":[20],"tags":[],"class_list":["post-2780","post","type-post","status-publish","format-standard","hentry","category-news"],"acf":[],"_links":{"self":[{"href":"https:\/\/sollera.org\/fr\/wp-json\/wp\/v2\/posts\/2780","targetHints":{"allow":["GET"]}}],"collection":[{"href":"https:\/\/sollera.org\/fr\/wp-json\/wp\/v2\/posts"}],"about":[{"href":"https:\/\/sollera.org\/fr\/wp-json\/wp\/v2\/types\/post"}],"author":[{"embeddable":true,"href":"https:\/\/sollera.org\/fr\/wp-json\/wp\/v2\/users\/1"}],"replies":[{"embeddable":true,"href":"https:\/\/sollera.org\/fr\/wp-json\/wp\/v2\/comments?post=2780"}],"version-history":[{"count":0,"href":"https:\/\/sollera.org\/fr\/wp-json\/wp\/v2\/posts\/2780\/revisions"}],"wp:attachment":[{"href":"https:\/\/sollera.org\/fr\/wp-json\/wp\/v2\/media?parent=2780"}],"wp:term":[{"taxonomy":"category","embeddable":true,"href":"https:\/\/sollera.org\/fr\/wp-json\/wp\/v2\/categories?post=2780"},{"taxonomy":"post_tag","embeddable":true,"href":"https:\/\/sollera.org\/fr\/wp-json\/wp\/v2\/tags?post=2780"}],"curies":[{"name":"wp","href":"https:\/\/api.w.org\/{rel}","templated":true}]}}