{"id":1656,"date":"2025-10-21T15:35:59","date_gmt":"2025-10-21T15:35:59","guid":{"rendered":"https:\/\/sollera.org\/?p=1656"},"modified":"2026-02-26T19:32:57","modified_gmt":"2026-02-26T19:32:57","slug":"de-racc-a-sollera-un-nuevo-nombre-una-bienvenida-mas-amplia","status":"publish","type":"post","link":"https:\/\/sollera.org\/es\/blog\/from-racc-to-sollera-a-new-name-a-wider-welcome\/","title":{"rendered":"De RACC a Sollera: un nuevo nombre, una bienvenida m\u00e1s amplia"},"content":{"rendered":"<p>Desde 1977, el Centro de Crisis por Violaci\u00f3n y Abuso ha sido un salvavidas para miles de personas y familias en el \u00e1rea de Fargo-Moorhead y m\u00e1s all\u00e1. Durante d\u00e9cadas, hemos acompa\u00f1ado a las v\u00edctimas y sobrevivientes en la sala de emergencias. Hemos acompa\u00f1ado a ni\u00f1os que sufren abusos y hemos apoyado a padres que lidian con el trauma. Hemos educado en las aulas, colaborado con los tribunales y ayudado a las personas a reconstruir sus vidas despu\u00e9s de un dolor inimaginable.<\/p>\n\n\n\n<p>Pero con el paso de los a\u00f1os, empezamos a notar una desconexi\u00f3n. El mismo nombre que antes nos daba visibilidad \u2014Centro de Crisis por Violaci\u00f3n y Abuso\u2014 hab\u00eda empezado a crear barreras. Las v\u00edctimas sobrevivientes se preguntaban si estaban \u201clo suficientemente heridas\u201d como para pedir ayuda. Los miembros de la comunidad asum\u00edan que solo \u00e9ramos un refugio. Incluso los profesionales dudaban en derivar casos porque la palabra \u201cviolaci\u00f3n\u201d les parec\u00eda demasiado fuerte para una presentaci\u00f3n estudiantil o un folleto judicial.<\/p>\n\n\n\n<p>Escuchamos historias desgarradoras:<br>\u201cNo me violaron, as\u00ed que no cre\u00ed que pudiera correrme\u201d.\u201d<br>\u201cPens\u00e9 que ten\u00eda que ser una crisis para poder calificar.\u201d<br>\u201cNecesitaba ayuda, pero tu nombre me hizo pensar que quiz\u00e1 no era para m\u00ed\u201d.\u201d<\/p>\n\n\n\n<p>Fue entonces cuando supimos que era hora de cambiar, no lo que hacemos, sino c\u00f3mo nos mostramos.<\/p>\n\n\n\n<p>Hoy nos enorgullece presentar <strong>Sollera<\/strong>.<\/p>\n\n\n\n<hr class=\"wp-block-separator has-alpha-channel-opacity\"\/>\n\n\n\n<h2 class=\"wp-block-heading\"><strong>\u00bfPor qu\u00e9 el cambio?<\/strong><\/h2>\n\n\n\n<p>La transici\u00f3n de Rape and Abuse Crisis Center a Sollera no se tom\u00f3 a la ligera. Fue el resultado de a\u00f1os de escuchar a las personas a las que atendemos, trabajar en estrecha colaboraci\u00f3n con el personal y las partes interesadas, y dar espacio a las historias que dan forma a este trabajo.<\/p>\n\n\n\n<p>Organizamos grupos de discusi\u00f3n con v\u00edctimas-sobrevivientes, donantes, educadores y profesionales de la salud. El mensaje fue claro: nuestros servicios son m\u00e1s importantes que nunca, pero el nombre ya no se ajustaba al alcance total de nuestro impacto.<\/p>\n\n\n\n<p>\u201cCrisis\u201d parec\u00eda limitante. Muchas personas acuden a nosotros a\u00f1os despu\u00e9s de haber sufrido da\u00f1os, en busca de una sanaci\u00f3n a largo plazo. \u201cCentro\u201d resultaba confuso. No somos un refugio, sino una organizaci\u00f3n dedicada a la defensa, la educaci\u00f3n y el asesoramiento. Y aunque \u201cviolaci\u00f3n\u201d y \u201cabuso\u201d son t\u00e9rminos fundamentales en la realidad a la que nos enfrentamos, utilizarlos en el nombre hac\u00eda que los clientes potenciales descartaran por s\u00ed mismos unos servicios que podr\u00edan cambiar sus vidas.<\/p>\n\n\n\n<p>No estamos borrando estas palabras. No estamos ocultando verdades dif\u00edciles. Pero estamos creando un nombre que abre la puerta en lugar de cerrarla.<\/p>\n\n\n\n<hr class=\"wp-block-separator has-alpha-channel-opacity\"\/>\n\n\n\n<h2 class=\"wp-block-heading\"><strong>\u00bfQu\u00e9 significa Sollera?<\/strong><\/h2>\n\n\n\n<p>Sollera es un nombre que tiene sus ra\u00edces en la esperanza.<\/p>\n\n\n\n<p>Inspirado por <em>sol<\/em> (lat\u00edn para \u201csol\u201d) y <em>Soteria<\/em> (la diosa griega de la seguridad y la liberaci\u00f3n), Sollera evoca calidez, orientaci\u00f3n y resiliencia. El nombre honra nuestro legado y nos permite crecer.<\/p>\n\n\n\n<p>Este es nuestro tercer logo, pero una versi\u00f3n del sol ha sido parte de nuestra identidad visual desde el principio. Permanece constante, simbolizando esperanza, luz en la oscuridad y la presencia firme en la que nuestra comunidad puede confiar.<\/p>\n\n\n\n<p>La doble \u201cL\u201d de Sollera simboliza un camino, que representa a dos personas caminando juntas. Porque eso es lo que hacemos. Acompa\u00f1amos a todas las personas que nos piden ayuda, sin juzgar, sin expectativas y sin condiciones.<\/p>\n\n\n\n<p>Sabemos que la sanaci\u00f3n no es un camino recto. Es un viaje. Y Sollera existe para ser una presencia constante en ese camino, sin importar ad\u00f3nde nos lleve.<\/p>\n\n\n\n<hr class=\"wp-block-separator has-alpha-channel-opacity\"\/>\n\n\n\n<h2 class=\"wp-block-heading\"><strong>A qui\u00e9nes atendemos<\/strong><\/h2>\n\n\n\n<p>Sollera apoya a personas de todas las edades, identidades y experiencias. Nuestro trabajo se extiende a trav\u00e9s de <strong>Condados de Cass, Clay, Traill y Wilkin<\/strong>, pero nuestro alcance suele ir mucho m\u00e1s all\u00e1. Cualquiera que entre por nuestras puertas o levante el tel\u00e9fono es bienvenido aqu\u00ed.<\/p>\n\n\n\n<p>Apoyamos:<\/p>\n\n\n\n<ul class=\"wp-block-list\">\n<li>Ni\u00f1os que han sufrido o presenciado abusos<br><\/li>\n\n\n\n<li>Adolescentes que enfrentan violencia en el noviazgo, acoso o hostigamiento<br><\/li>\n\n\n\n<li>Adultos que procesan traumas pasados o se enfrentan a peligros actuales.<br><\/li>\n\n\n\n<li>Padres que gestionan los intercambios de custodia ordenados por el tribunal<br><\/li>\n\n\n\n<li>Los infractores se comprometen con la responsabilidad y la educaci\u00f3n.<br><\/li>\n\n\n\n<li>Educadores y profesionales que buscan programas de prevenci\u00f3n.<br><\/li>\n<\/ul>\n\n\n\n<p><strong>Estamos aqu\u00ed para quienes se encuentran en crisis y para quienes est\u00e1n en recuperaci\u00f3n. Para quienes solo necesitan que alguien les crea. Para quienes no est\u00e1n seguros de c\u00f3mo llamar a lo que les ha pasado, pero saben que no se sienten seguros.<\/strong><\/p>\n\n\n\n<p>Ya sea que el da\u00f1o haya ocurrido hace cinco minutos o hace cincuenta a\u00f1os, <strong>Sollera est\u00e1 aqu\u00ed.<\/strong><\/p>\n\n\n\n<hr class=\"wp-block-separator has-alpha-channel-opacity\"\/>\n\n\n\n<h2 class=\"wp-block-heading\"><strong>Nuestros servicios: lo que no ha cambiado<\/strong><\/h2>\n\n\n\n<p>Aunque nuestro nombre ha cambiado, nuestros servicios siguen siendo tan importantes \u2014y gratuitos\u2014 como siempre:<\/p>\n\n\n\n<ul class=\"wp-block-list\">\n<li><strong>Apoyo en situaciones de crisis y sanaci\u00f3n<\/strong>Asesoramiento confidencial para v\u00edctimas y sus familias.<br><\/li>\n\n\n\n<li><strong>Defensa de los derechos de los pacientes hospitalizados<\/strong>Presencia las 24 horas del d\u00eda, los 7 d\u00edas de la semana, en las salas de urgencias para las v\u00edctimas de violencia sexual.<br><\/li>\n\n\n\n<li><strong>Educaci\u00f3n preventiva<\/strong>: Programas adecuados a la edad en escuelas y entornos comunitarios.<br><\/li>\n\n\n\n<li><strong>Programaci\u00f3n para delincuentes<\/strong>: Educaci\u00f3n ordenada por un tribunal que aborda la ra\u00edz del da\u00f1o.<br><\/li>\n\n\n\n<li><strong>Visitas supervisadas e intercambio seguro<\/strong>: Proporcionar seguridad y estructura a las familias que se enfrentan a la custodia.<br><\/li>\n\n\n\n<li><strong>Defensa del sistema<\/strong>: Colaboraci\u00f3n con los servicios de salud, las fuerzas del orden y los tribunales para fortalecer las respuestas de la comunidad.<br><\/li>\n<\/ul>\n\n\n\n<p>Tambi\u00e9n estamos integrados en <strong>14 equipos de respuesta comunitaria<\/strong>, lo que nos convierte no solo en un proveedor de servicios, sino tambi\u00e9n en un colaborador en la creaci\u00f3n de un cambio sist\u00e9mico.<\/p>\n\n\n\n<hr class=\"wp-block-separator has-alpha-channel-opacity\"\/>\n\n\n\n<h2 class=\"wp-block-heading\"><strong>Por qu\u00e9 este cambio empodera a la comunidad<\/strong><\/h2>\n\n\n\n<p>Este cambio de imagen no tiene que ver con el marketing. Tiene que ver con la misi\u00f3n.<\/p>\n\n\n\n<p>Se trata de garantizar que nadie renuncie a recibir atenci\u00f3n m\u00e9dica por pensar que sus lesiones no son lo suficientemente graves. Se trata de eliminar el estigma que mantiene a las personas en silencio. Se trata de garantizar que nuestros educadores se sientan respaldados cuando entramos en las aulas. Se trata de reflejar el alcance y la complejidad de lo que realmente hacemos.<\/p>\n\n\n\n<p>Sobre todo, se trata de <strong>garantizar el acceso<\/strong>. Porque cuando alguien est\u00e1 sufriendo, lo \u00faltimo que deber\u00eda sentir es confusi\u00f3n o verg\u00fcenza.<\/p>\n\n\n\n<p>Ahora, cuando alguien vea el nombre Sollera, queremos que sienta calidez, confianza y posibilidades. Queremos que sepan que este es un lugar donde se les creer\u00e1, respetar\u00e1 y apoyar\u00e1, sin importar cu\u00e1l sea su historia.<\/p>\n\n\n\n<hr class=\"wp-block-separator has-alpha-channel-opacity\"\/>\n\n\n\n<h2 class=\"wp-block-heading\"><strong>Lo que permanece en el centro<\/strong><\/h2>\n\n\n\n<p>Aunque nuestro nombre es nuevo, nuestra esencia no ha cambiado.<\/p>\n\n\n\n<p>Sollera mantiene su compromiso con:<\/p>\n\n\n\n<ul class=\"wp-block-list\">\n<li><strong>Confidencialidad<\/strong><strong><br><\/strong><\/li>\n\n\n\n<li><strong>Atenci\u00f3n sin prejuicios<\/strong><strong><br><\/strong><\/li>\n\n\n\n<li><strong>Acceso equitativo para todas las personas.<\/strong><strong><br><\/strong><\/li>\n\n\n\n<li><strong>Liderazgo honesto y transparente<\/strong><strong><br><\/strong><\/li>\n\n\n\n<li><strong>Tratar a cada persona con dignidad, independientemente de su origen, necesidades o capacidad de pago.<\/strong><strong><br><\/strong><\/li>\n<\/ul>\n\n\n\n<p>Estos son nuestros principios innegociables. Estos son los valores que nos guiar\u00e1n a medida que crezcamos.<\/p>\n\n\n\n<hr class=\"wp-block-separator has-alpha-channel-opacity\"\/>\n\n\n\n<h2 class=\"wp-block-heading\"><strong>Un llamado a nuestra comunidad<\/strong><\/h2>\n\n\n\n<p>Si eres alguien que busca ayuda, por favor, ten en cuenta que aqu\u00ed eres bienvenido.<\/p>\n\n\n\n<p>No necesitas una etiqueta para tu experiencia. No necesitas estar en una crisis inmediata. Solo necesitas saber que <strong>t\u00fa importas<\/strong>, y que la curaci\u00f3n es posible.<\/p>\n\n\n\n<p>Si eres donante, vecino, padre o madre, o un profesional comprometido, por favor, sigue apoy\u00e1ndonos. Tu apoyo garantiza que <strong>La sanaci\u00f3n es gratuita, est\u00e1 disponible y te espera.<\/strong>\u2014para las personas que m\u00e1s lo necesitan.<\/p>\n\n\n\n<p><strong>Quiz\u00e1s nunca sepas el nombre de la persona a la que ayudaste. Quiz\u00e1s nunca veas su rostro. Pero habr\u00e1s cambiado su historia.<\/strong><\/p>\n\n\n\n<hr class=\"wp-block-separator has-alpha-channel-opacity\"\/>\n\n\n\n<h2 class=\"wp-block-heading\"><strong>Bienvenido a Sollera.<\/strong><\/h2>\n\n\n\n<p>El nombre es nuevo.<br>La misi\u00f3n es duradera.<br>La invitaci\u00f3n est\u00e1 abierta.<\/p>\n\n\n\n<p>Obtenga m\u00e1s informaci\u00f3n, participe o solicite apoyo en <strong>sollera.org<\/strong>.<\/p>\n\n\n\n<p>Juntos, construyamos una comunidad en la que todos tengan un espacio para sanar.<\/p>","protected":false},"excerpt":{"rendered":"<p>Desde 1977, el Centro de Crisis por Violaci\u00f3n y Abuso ha sido un salvavidas para miles de personas y familias en toda la zona de Fargo-Moorhead y m\u00e1s all\u00e1.<\/p>","protected":false},"author":1,"featured_media":490,"comment_status":"open","ping_status":"closed","sticky":false,"template":"","format":"standard","meta":{"_acf_changed":false,"wds_primary_category":0,"footnotes":""},"categories":[19,20],"tags":[],"class_list":["post-1656","post","type-post","status-publish","format-standard","has-post-thumbnail","hentry","category-blog","category-news"],"acf":[],"_links":{"self":[{"href":"https:\/\/sollera.org\/es\/wp-json\/wp\/v2\/posts\/1656","targetHints":{"allow":["GET"]}}],"collection":[{"href":"https:\/\/sollera.org\/es\/wp-json\/wp\/v2\/posts"}],"about":[{"href":"https:\/\/sollera.org\/es\/wp-json\/wp\/v2\/types\/post"}],"author":[{"embeddable":true,"href":"https:\/\/sollera.org\/es\/wp-json\/wp\/v2\/users\/1"}],"replies":[{"embeddable":true,"href":"https:\/\/sollera.org\/es\/wp-json\/wp\/v2\/comments?post=1656"}],"version-history":[{"count":0,"href":"https:\/\/sollera.org\/es\/wp-json\/wp\/v2\/posts\/1656\/revisions"}],"wp:featuredmedia":[{"embeddable":true,"href":"https:\/\/sollera.org\/es\/wp-json\/wp\/v2\/media\/490"}],"wp:attachment":[{"href":"https:\/\/sollera.org\/es\/wp-json\/wp\/v2\/media?parent=1656"}],"wp:term":[{"taxonomy":"category","embeddable":true,"href":"https:\/\/sollera.org\/es\/wp-json\/wp\/v2\/categories?post=1656"},{"taxonomy":"post_tag","embeddable":true,"href":"https:\/\/sollera.org\/es\/wp-json\/wp\/v2\/tags?post=1656"}],"curies":[{"name":"wp","href":"https:\/\/api.w.org\/{rel}","templated":true}]}}