{"id":1656,"date":"2025-10-21T15:35:59","date_gmt":"2025-10-21T15:35:59","guid":{"rendered":"https:\/\/sollera.org\/?p=1656"},"modified":"2026-02-26T19:32:57","modified_gmt":"2026-02-26T19:32:57","slug":"od-racc-a-do-sollere-novo-ime-siroka-dobrodoslica","status":"publish","type":"post","link":"https:\/\/sollera.org\/bs\/blog\/from-racc-to-sollera-a-new-name-a-wider-welcome\/","title":{"rendered":"Od RACC-a do Sollere: Novo ime, srda\u010dnija dobrodo\u0161lica"},"content":{"rendered":"<p>Od 1977. godine Centar za krizu silovanja i zlostavljanja predstavlja spas za hiljade pojedinaca i porodica u podru\u010dju Fargo-Moorhead i \u0161ire. Decenijama smo sjedili pored \u017ertava-pre\u017eivjelih u hitnoj slu\u017ebi. Pratili smo djecu dok su se nosili sa zlostavljanjem i podr\u017eavali roditelje u suo\u010davanju s traumom. Edukovali smo u\u010dionice, sara\u0111ivali s sudovima i pomagali ljudima da se ponovo usprave nakon nezamislive boli.<\/p>\n\n\n\n<p>Ali tokom godina po\u010deli smo primje\u0107ivati raskorak. Sam naziv koji nas je nekada \u010dinio vidljivima \u2013 Centar za krize uzrokovane silovanjem i zlostavljanjem \u2013 po\u010deo je stvarati prepreke. \u017drtve-pre\u017eivjele su se pitale jesu li \u201cdovoljno povrije\u0111ene\u201d da potra\u017ee pomo\u0107. \u010clanovi zajednice su pretpostavljali da smo samo skloni\u0161te. \u010cak su i stru\u010dnjaci oklijevali upu\u0107ivati k nama jer im je rije\u010d \u201csilovanje\u201d bila previ\u0161e optere\u0107ena za studentsku prezentaciju ili sudski materijal.<\/p>\n\n\n\n<p>\u010culi smo srceparaju\u0107e pri\u010de:<br>\u201cNisam bila silovana, pa nisam mislila da mogu do\u0107i.\u201d<br>\u201cMislio sam da se mora dogoditi kriza da bih se kvalifikovao.\u201d<br>\u201cTrebala mi je pomo\u0107, ali tvoje ime me je natjeralo da pomislim da mo\u017eda nije za mene.\u201d<\/p>\n\n\n\n<p>Tada smo znali da je vrijeme za promjenu\u2014ne u onome \u0161to radimo, nego u na\u010dinu na koji se pojavljujemo.<\/p>\n\n\n\n<p>Danas smo ponosni \u0161to predstavljamo <strong>Sollera<\/strong>.<\/p>\n\n\n\n<hr class=\"wp-block-separator has-alpha-channel-opacity\"\/>\n\n\n\n<h2 class=\"wp-block-heading\"><strong>Za\u0161to promjena?<\/strong><\/h2>\n\n\n\n<p>Prijelaz iz Centra za krizu silovanja i zlostavljanja u Sollera nije se shvatio olako. Nastao je nakon godina slu\u0161anja ljudi kojima slu\u017eimo, bliske suradnje s osobljem i dionicima te stvaranja prostora za pri\u010de koje oblikuju ovaj rad.<\/p>\n\n\n\n<p>Odr\u017eali smo fokus grupe s \u017ertvama-pre\u017eivjelima, donatorima, edukatorima i zdravstvenim radnicima. Poruka je bila jasna: na\u0161e usluge su va\u017enije nego ikad \u2013 ali ime vi\u0161e nije odgovaralo punom opsegu na\u0161eg utjecaja.<\/p>\n\n\n\n<p>\u201cKriza\u201d je djelovala ograni\u010davaju\u0107e. Mnogi nam se obra\u0107aju godinama nakon \u0161to je \u0161teta nastala, tra\u017ee\u0107i dugoro\u010dno iscjeljenje. \u201cCentar\u201d je bio zbunjuju\u0107i. Mi nismo skloni\u0161te \u2013 mi smo organizacija za zagovaranje, edukaciju i savjetovanje. I dok su \u201csilovanje\u201d i \u201czlostavljanje\u201d u sredi\u0161tu stvarnosti s kojom se suo\u010davamo, isticanje tih pojmova navodilo je potencijalne korisnike da sami odustanu od usluga koje bi im mogle promijeniti \u017eivot.<\/p>\n\n\n\n<p>Ne bri\u0161emo ove rije\u010di. Ne skrivamo se od te\u0161kih istina. Ali stvaramo ime koje otvara vrata umjesto da ih zatvara.<\/p>\n\n\n\n<hr class=\"wp-block-separator has-alpha-channel-opacity\"\/>\n\n\n\n<h2 class=\"wp-block-heading\"><strong>\u0160ta Sollera zna\u010di<\/strong><\/h2>\n\n\n\n<p>Sollera je ime ukorijenjeno u nadi.<\/p>\n\n\n\n<p>Inspirisan <em>rje\u0161enje<\/em> (latinski za \u201csunce\u201d) i <em>Soteria<\/em> (gr\u010dka boginja sigurnosti i oslobo\u0111enja), Sollera priziva toplinu, vodstvo i otpornost. Ime \u010dasti na\u0161e naslije\u0111e, a istovremeno nam omogu\u0107ava da rastemo.<\/p>\n\n\n\n<p>Ovo je na\u0161 tre\u0107i logo, ali verzija sunca je dio na\u0161e vizuelne identiteta od samog po\u010detka. Ostaje konstanta\u2014simbolizira nadu, svjetlost u tami i stalnu prisutnost na koju se na\u0161a zajednica mo\u017ee osloniti.<\/p>\n\n\n\n<p>Dvostruko \u201cL\u201d u Sollera simbolizira put \u2014 predstavljaju\u0107i dvoje ljudi koji hodaju zajedno. Jer to je ono \u0161to radimo. Hodamo uz svaku osobu koja tra\u017ei pomo\u0107, bez osude, bez o\u010dekivanja i bez uvjeta.<\/p>\n\n\n\n<p>Znamo da iscjeljenje nije ravna linija. To je putovanje. A Sollera postoji da bude dosljedna prisutnost na tom putu, gdje god da vodi.<\/p>\n\n\n\n<hr class=\"wp-block-separator has-alpha-channel-opacity\"\/>\n\n\n\n<h2 class=\"wp-block-heading\"><strong>Kome slu\u017eimo<\/strong><\/h2>\n\n\n\n<p>Sollera podr\u017eava pojedince svih uzrasta, identiteta i iskustava. Na\u0161 rad se prote\u017ee kroz <strong>Okrugi Cass, Clay, Traill i Wilkin<\/strong>, ali na\u0161 doseg \u010desto ide mnogo dalje. Svatko tko u\u0111e kroz na\u0161a vrata ili nazove telefon je ovdje dobrodo\u0161ao.<\/p>\n\n\n\n<p>Podr\u017eavamo:<\/p>\n\n\n\n<ul class=\"wp-block-list\">\n<li>Djeca koja su do\u017eivjela ili svjedo\u010dila zlostavljanju<br><\/li>\n\n\n\n<li>Tinejd\u017eeri koji se suo\u010davaju s nasiljem u vezama, uho\u0111enjem ili uznemiravanjem<br><\/li>\n\n\n\n<li>Odrasli koji obra\u0111uju pro\u0161le traume ili se suo\u010davaju s trenutnom opasno\u0161\u0107u<br><\/li>\n\n\n\n<li>Roditelji koji upravljaju sudski nalo\u017eenim razmjenama skrbni\u0161tva<br><\/li>\n\n\n\n<li>Prestupnici se bave odgovorno\u0161\u0107u i obrazovanjem<br><\/li>\n\n\n\n<li>Edukatori i stru\u010dnjaci koji tra\u017ee programe prevencije<br><\/li>\n<\/ul>\n\n\n\n<p><strong>Mi smo ovdje za one u krizi i one u oporavku. Za one kojima je samo potreban neko ko \u0107e im vjerovati. Za one koji nisu sigurni kako nazvati ono \u0161to se dogodilo\u2014ali znaju da se ne osje\u0107aju sigurno.<\/strong><\/p>\n\n\n\n<p>Bilo da je \u0161teta nastala prije pet minuta ili prije pedeset godina, <strong>Sollera je ovdje.<\/strong><\/p>\n\n\n\n<hr class=\"wp-block-separator has-alpha-channel-opacity\"\/>\n\n\n\n<h2 class=\"wp-block-heading\"><strong>Na\u0161e usluge: \u0160ta se nije promijenilo<\/strong><\/h2>\n\n\n\n<p>Iako se na\u0161e ime razvilo, na\u0161e usluge ostaju jednako va\u017ene\u2014i jednako besplatne\u2014kao i uvijek:<\/p>\n\n\n\n<ul class=\"wp-block-list\">\n<li><strong>Podr\u0161ka u krizi i oporavku<\/strong>: Povjerljivo savjetovanje za \u017ertve-pre\u017eivjele i njihove porodice<br><\/li>\n\n\n\n<li><strong>Zastupanje u bolnici<\/strong>: 24\/7 prisustvo u hitnim prijemima za \u017ertve seksualnog nasilja<br><\/li>\n\n\n\n<li><strong>Edukacija o prevenciji<\/strong>: Programi prilago\u0111eni uzrastu u \u0161kolama i u zajednici<br><\/li>\n\n\n\n<li><strong>Programiranje prestupnika<\/strong>Obrazovanje nalo\u017eeno sudom koje se bavi korijenom \u0161tete<br><\/li>\n\n\n\n<li><strong>Nadzirani susreti i sigurna predaja<\/strong>: Pru\u017eanje sigurnosti i strukture porodicama koje prolaze kroz postupak starateljstva<br><\/li>\n\n\n\n<li><strong>Zastupanje sistema<\/strong>: Saradnja sa zdravstvenim ustanovama, organima reda i sudovima radi ja\u010danja reakcija zajednice<br><\/li>\n<\/ul>\n\n\n\n<p>Mi smo tako\u0111er ugra\u0111eni u <strong>14 timova za odgovor zajednice<\/strong>, \u010dime ne postajemo samo pru\u017eatelj usluga, ve\u0107 i suradnik u stvaranju sistemskih promjena.<\/p>\n\n\n\n<hr class=\"wp-block-separator has-alpha-channel-opacity\"\/>\n\n\n\n<h2 class=\"wp-block-heading\"><strong>Za\u0161to ova promjena osna\u017euje zajednicu<\/strong><\/h2>\n\n\n\n<p>Ova promjena brenda nije radi marketinga. Radi se o misiji.<\/p>\n\n\n\n<p>Radi se o tome da se osigura da niko ne isklju\u010di sebe iz brige zato \u0161to misli da nije dovoljno ozbiljno povrije\u0111en. Radi se o uklanjanju stigme koja ljude \u010dini nijemima. Radi se o tome da na\u0161i edukatori osje\u0107aju podr\u0161ku kad u\u0111emo u u\u010dionice. Radi se o tome da se odra\u017eava obim i sofisticiranost onoga \u0161to zapravo radimo.<\/p>\n\n\n\n<p>Prije svega, radi se o <strong>osiguravanje pristupa<\/strong>. Jer kad neko pati, posljednje \u0161to bi trebao osjetiti je zbunjenost ili sram.<\/p>\n\n\n\n<p>Sada, kada neko vidi ime Sollera, \u017eelimo da osjete toplinu, povjerenje i mogu\u0107nost. \u017delimo da znaju da je ovo mjesto gdje \u0107e im vjerovati, po\u0161tovati ih i podr\u017eavati\u2014bez obzira na njihovu pri\u010du.<\/p>\n\n\n\n<hr class=\"wp-block-separator has-alpha-channel-opacity\"\/>\n\n\n\n<h2 class=\"wp-block-heading\"><strong>Ono \u0161to ostaje u sr\u017ei<\/strong><\/h2>\n\n\n\n<p>Iako je na\u0161e ime novo, na\u0161a du\u0161a se nije promijenila.<\/p>\n\n\n\n<p>Sollera ostaje posve\u0107ena:<\/p>\n\n\n\n<ul class=\"wp-block-list\">\n<li><strong>Povjerljivost<\/strong><strong><br><\/strong><\/li>\n\n\n\n<li><strong>Necrkvena briga<\/strong><strong><br><\/strong><\/li>\n\n\n\n<li><strong>Pravedan pristup za sve ljude<\/strong><strong><br><\/strong><\/li>\n\n\n\n<li><strong>Po\u0161teno, transparentno vodstvo<\/strong><strong><br><\/strong><\/li>\n\n\n\n<li><strong>Tretirati svakog pojedinca s dostojanstvom, bez obzira na porijeklo, potrebe ili mogu\u0107nost pla\u0107anja.<\/strong><strong><br><\/strong><\/li>\n<\/ul>\n\n\n\n<p>Ovo su na\u0161e neprepustive vrijednosti. Ovo su vrijednosti koje \u0107e nas voditi dok rastemo.<\/p>\n\n\n\n<hr class=\"wp-block-separator has-alpha-channel-opacity\"\/>\n\n\n\n<h2 class=\"wp-block-heading\"><strong>Poziv na\u0161oj zajednici<\/strong><\/h2>\n\n\n\n<p>Ako ste neko ko tra\u017ei pomo\u0107\u2014znajte da ste ovdje dobrodo\u0161li.<\/p>\n\n\n\n<p>Ne treba vam etiketa za va\u0161e iskustvo. Ne morate biti u neposrednoj krizi. Samo trebate znati da <strong>Ti si va\u017ean<\/strong>, i da je iscjeljenje mogu\u0107e.<\/p>\n\n\n\n<p>Ako ste donator, kom\u0161ija, roditelj ili profesionalac koji brine\u2014molimo vas da i dalje budete uz nas. Va\u0161a podr\u0161ka osigurava da <strong>Izlje\u010denje je besplatno, dostupno i \u010deka.<\/strong>\u2014za ljude kojima je najpotrebnije.<\/p>\n\n\n\n<p><strong>Mo\u017eda nikada ne\u0107ete saznati ime osobe kojoj ste pomogli. Mo\u017eda nikada ne\u0107ete vidjeti njihovo lice. Ali promijenit \u0107ete njihovu pri\u010du.<\/strong><\/p>\n\n\n\n<hr class=\"wp-block-separator has-alpha-channel-opacity\"\/>\n\n\n\n<h2 class=\"wp-block-heading\"><strong>Dobrodo\u0161li u Sollera.<\/strong><\/h2>\n\n\n\n<p>Ime je novo.<br>Misija je trajna.<br>Poziv je otvoren.<\/p>\n\n\n\n<p>Saznajte vi\u0161e, uklju\u010dite se ili potra\u017eite podr\u0161ku na <strong>sollera.org<\/strong>.<\/p>\n\n\n\n<p>Zajedno, izgradimo zajednicu u kojoj svako ima prostor za iscjeljenje.<\/p>","protected":false},"excerpt":{"rendered":"<p>Od 1977. godine, Centar za krizu zlostavljanja i silovanja predstavlja spas za hiljade pojedinaca i porodica \u0161irom podru\u010dja Fargo-Moorhead i \u0161ire.<\/p>","protected":false},"author":1,"featured_media":490,"comment_status":"open","ping_status":"closed","sticky":false,"template":"","format":"standard","meta":{"_acf_changed":false,"wds_primary_category":0,"footnotes":""},"categories":[19,20],"tags":[],"class_list":["post-1656","post","type-post","status-publish","format-standard","has-post-thumbnail","hentry","category-blog","category-news"],"acf":[],"_links":{"self":[{"href":"https:\/\/sollera.org\/bs\/wp-json\/wp\/v2\/posts\/1656","targetHints":{"allow":["GET"]}}],"collection":[{"href":"https:\/\/sollera.org\/bs\/wp-json\/wp\/v2\/posts"}],"about":[{"href":"https:\/\/sollera.org\/bs\/wp-json\/wp\/v2\/types\/post"}],"author":[{"embeddable":true,"href":"https:\/\/sollera.org\/bs\/wp-json\/wp\/v2\/users\/1"}],"replies":[{"embeddable":true,"href":"https:\/\/sollera.org\/bs\/wp-json\/wp\/v2\/comments?post=1656"}],"version-history":[{"count":0,"href":"https:\/\/sollera.org\/bs\/wp-json\/wp\/v2\/posts\/1656\/revisions"}],"wp:featuredmedia":[{"embeddable":true,"href":"https:\/\/sollera.org\/bs\/wp-json\/wp\/v2\/media\/490"}],"wp:attachment":[{"href":"https:\/\/sollera.org\/bs\/wp-json\/wp\/v2\/media?parent=1656"}],"wp:term":[{"taxonomy":"category","embeddable":true,"href":"https:\/\/sollera.org\/bs\/wp-json\/wp\/v2\/categories?post=1656"},{"taxonomy":"post_tag","embeddable":true,"href":"https:\/\/sollera.org\/bs\/wp-json\/wp\/v2\/tags?post=1656"}],"curies":[{"name":"wp","href":"https:\/\/api.w.org\/{rel}","templated":true}]}}